{"id":640,"date":"2025-05-16T10:29:25","date_gmt":"2025-05-16T08:29:25","guid":{"rendered":"https:\/\/paysagiste-lienart.vyseo.eu\/?post_type=local-articles&#038;p=640"},"modified":"2025-05-16T10:29:26","modified_gmt":"2025-05-16T08:29:26","slug":"elagueur-nacelle-a-seclin-intervention-en-hauteur","status":"publish","type":"local-articles","link":"https:\/\/www.paysagiste-lienart.fr\/local-articles\/elagueur-nacelle-a-seclin-intervention-en-hauteur\/","title":{"rendered":"\u00c9lagueur nacelle \u00e0 Seclin : intervention en hauteur"},"content":{"rendered":"\n<p>Faire appel \u00e0 un <strong>\u00e9lagueur nacelle \u00e0 Seclin<\/strong> est essentiel lorsque les arbres deviennent trop grands, dangereux ou inaccessibles par des moyens classiques. C\u2019est pourquoi la <strong>SARL Lienart<\/strong>, sp\u00e9cialis\u00e9e dans les travaux d\u2019\u00e9lagage avec nacelle, intervient dans toute la commune de Seclin. Notre \u00e9quipe allie expertise, s\u00e9curit\u00e9 et efficacit\u00e9 pour l\u2019entretien de vos arbres, m\u00eame dans les zones les plus difficiles d\u2019acc\u00e8s. Nous desservons \u00e9galement les localit\u00e9s voisines telles que <strong>Wahagnies<\/strong>, <strong>Libercourt<\/strong>, <strong>Phalempin<\/strong>, <strong>Carvin<\/strong> et <strong>Camphin-en-Carembault<\/strong>.<\/p>\n\n\n\n<h2 class=\"wp-block-heading\">Pourquoi choisir un \u00e9lagueur avec nacelle \u00e0 Seclin ?<\/h2>\n\n\n\n<p>Les travaux d\u2019\u00e9lagage r\u00e9alis\u00e9s en hauteur pr\u00e9sentent des risques importants. Gr\u00e2ce \u00e0 l\u2019utilisation d\u2019une nacelle, nos \u00e9lagueurs peuvent acc\u00e9der aux branches \u00e9lev\u00e9es sans grimper dans l\u2019arbre. Cela permet de s\u00e9curiser l\u2019intervention et de r\u00e9duire les d\u00e9lais. \u00c0 <strong>Seclin<\/strong>, o\u00f9 l&rsquo;on retrouve de nombreuses propri\u00e9t\u00e9s arbor\u00e9es, la nacelle est souvent indispensable, notamment en milieu urbain ou dans des jardins \u00e9troits.<\/p>\n\n\n\n<p>En choisissant un <strong>\u00e9lagueur nacelle \u00e0 Seclin<\/strong>, vous b\u00e9n\u00e9ficiez d\u2019un travail soign\u00e9, d\u2019une s\u00e9curit\u00e9 optimale et d\u2019un chantier propre. Notre mat\u00e9riel moderne est r\u00e9guli\u00e8rement entretenu pour garantir la meilleure fiabilit\u00e9 possible.<\/p>\n\n\n\n<h2 class=\"wp-block-heading\">Les prestations propos\u00e9es par votre \u00e9lagueur nacelle \u00e0 Seclin<\/h2>\n\n\n\n<h3 class=\"wp-block-heading\">\u00c9lagage d\u2019entretien ou de s\u00e9curit\u00e9<\/h3>\n\n\n\n<p>Nous r\u00e9alisons l\u2019\u00e9lagage r\u00e9gulier de vos arbres pour pr\u00e9server leur sant\u00e9 et limiter les risques de chute de branches. Ce type d\u2019intervention permet \u00e9galement de d\u00e9gager les fa\u00e7ades ou les lignes \u00e9lectriques.<\/p>\n\n\n\n<h3 class=\"wp-block-heading\">Abattage d\u2019arbres dangereux avec nacelle<\/h3>\n\n\n\n<p>Lorsqu\u2019un arbre devient instable, malade ou repr\u00e9sente un danger, nous proc\u00e9dons \u00e0 son abattage en hauteur. Gr\u00e2ce \u00e0 notre nacelle, nous d\u00e9montons l\u2019arbre par sections, avec pr\u00e9cision et sans endommager votre propri\u00e9t\u00e9.<\/p>\n\n\n\n<h3 class=\"wp-block-heading\">Taille douce et \u00e9lagage esth\u00e9tique<\/h3>\n\n\n\n<p>Nous r\u00e9alisons des tailles douces pour pr\u00e9server la forme naturelle des arbres tout en assurant leur bon d\u00e9veloppement. Cette m\u00e9thode est id\u00e9ale pour les arbres ornementaux pr\u00e9sents dans les jardins de Seclin.<\/p>\n\n\n\n<h2 class=\"wp-block-heading\">Des interventions rapides et ma\u00eetris\u00e9es \u00e0 Seclin<\/h2>\n\n\n\n<p>Situ\u00e9e \u00e0 proximit\u00e9 de <strong>Seclin<\/strong>, la <strong>SARL Lienart<\/strong> est r\u00e9active pour toute demande urgente ou planifi\u00e9e. Nous analysons les contraintes du terrain avant chaque intervention. Ainsi, nous choisissons la nacelle la mieux adapt\u00e9e et planifions les travaux dans les meilleures conditions. Cette m\u00e9thode limite les nuisances sonores, r\u00e9duit la dur\u00e9e d\u2019intervention et s\u00e9curise les abords imm\u00e9diats.<\/p>\n\n\n\n<h2 class=\"wp-block-heading\">Zone d\u2019intervention locale autour de Seclin<\/h2>\n\n\n\n<p>Outre <strong>Seclin<\/strong>, nous intervenons r\u00e9guli\u00e8rement dans les localit\u00e9s suivantes :<\/p>\n\n\n\n<ul class=\"wp-block-list\">\n<li><strong>Phalempin<\/strong><\/li>\n\n\n\n<li><strong>Carvin<\/strong><\/li>\n\n\n\n<li><strong>Wahagnies<\/strong><\/li>\n\n\n\n<li><strong>Libercourt<\/strong><\/li>\n\n\n\n<li><strong>Camphin-en-Carembault<\/strong><\/li>\n<\/ul>\n\n\n\n<p>Notre connaissance du secteur nous permet d\u2019intervenir rapidement avec une parfaite ma\u00eetrise des contraintes locales.<\/p>\n\n\n\n<h2 class=\"wp-block-heading\">Un \u00e9lagueur nacelle \u00e0 Seclin \u00e0 votre \u00e9coute<\/h2>\n\n\n\n<p>Vous avez un projet d\u2019\u00e9lagage en hauteur \u00e0 Seclin ? Faites appel \u00e0 la <strong>SARL Lienart<\/strong>, entreprise reconnue pour son s\u00e9rieux et sa disponibilit\u00e9. Nous \u00e9tablissons un devis clair et d\u00e9taill\u00e9, sans engagement, et vous accompagnons dans le choix des solutions les mieux adapt\u00e9es \u00e0 votre terrain.<\/p>\n\n\n\n<p><\/p>\n","protected":false},"excerpt":{"rendered":"<p>Vous recherchez un \u00e9lagueur avec nacelle \u00e0 Seclin ? La SARL Lienart intervient avec professionnalisme pour l\u2019\u00e9lagage d\u2019arbres en hauteur, en toute s\u00e9curit\u00e9.<\/p>\n","protected":false},"featured_media":0,"menu_order":0,"template":"","format":"standard","meta":{"om_disable_all_campaigns":false,"_monsterinsights_skip_tracking":false,"_monsterinsights_sitenote_active":false,"_monsterinsights_sitenote_note":"","_monsterinsights_sitenote_category":0},"local-articles-category":[],"class_list":["post-640","local-articles","type-local-articles","status-publish","format-standard","hentry"],"aioseo_notices":[],"_links":{"self":[{"href":"https:\/\/www.paysagiste-lienart.fr\/api-json\/wp\/v2\/local-articles\/640","targetHints":{"allow":["GET"]}}],"collection":[{"href":"https:\/\/www.paysagiste-lienart.fr\/api-json\/wp\/v2\/local-articles"}],"about":[{"href":"https:\/\/www.paysagiste-lienart.fr\/api-json\/wp\/v2\/types\/local-articles"}],"version-history":[{"count":0,"href":"https:\/\/www.paysagiste-lienart.fr\/api-json\/wp\/v2\/local-articles\/640\/revisions"}],"wp:attachment":[{"href":"https:\/\/www.paysagiste-lienart.fr\/api-json\/wp\/v2\/media?parent=640"}],"wp:term":[{"taxonomy":"local-articles-category","embeddable":true,"href":"https:\/\/www.paysagiste-lienart.fr\/api-json\/wp\/v2\/local-articles-category?post=640"}],"curies":[{"name":"wp","href":"https:\/\/api.w.org\/{rel}","templated":true}]}}