{"id":634,"date":"2025-05-16T10:17:32","date_gmt":"2025-05-16T08:17:32","guid":{"rendered":"https:\/\/paysagiste-lienart.vyseo.eu\/?post_type=local-articles&#038;p=634"},"modified":"2025-05-16T10:17:34","modified_gmt":"2025-05-16T08:17:34","slug":"elagueur-nacelle-a-carvin-un-travail-securise-avec-la-sarl-lienart","status":"publish","type":"local-articles","link":"https:\/\/www.paysagiste-lienart.fr\/local-articles\/elagueur-nacelle-a-carvin-un-travail-securise-avec-la-sarl-lienart\/","title":{"rendered":"\u00c9lagueur nacelle \u00e0 Carvin : un travail s\u00e9curis\u00e9 avec la SARL Lienart"},"content":{"rendered":"\n<p>Vous \u00eates \u00e0 Carvin et vous avez besoin d\u2019un professionnel pour \u00e9laguer un arbre difficile d\u2019acc\u00e8s ou de grande hauteur\u202f? Faites appel \u00e0 la <strong>SARL Lienart<\/strong>, entreprise sp\u00e9cialis\u00e9e en \u00e9lagage avec nacelle. Nous intervenons \u00e0 Carvin et dans les communes voisines comme Phalempin, Libercourt, Wahagnies, Seclin ou encore Camphin-en-Carembault. Gr\u00e2ce \u00e0 notre \u00e9quipement professionnel et notre expertise, nous r\u00e9alisons tous vos travaux d\u2019\u00e9lagage dans le respect des r\u00e8gles de s\u00e9curit\u00e9 et de la sant\u00e9 de vos arbres.<\/p>\n\n\n\n<h2 class=\"wp-block-heading\">Pourquoi faire appel \u00e0 un \u00e9lagueur avec nacelle \u00e0 Carvin ?<\/h2>\n\n\n\n<p>L\u2019\u00e9lagage d\u2019arbres en hauteur n\u00e9cessite des comp\u00e9tences techniques, une bonne connaissance de la v\u00e9g\u00e9tation locale et surtout un \u00e9quipement adapt\u00e9. \u00c0 Carvin, certains arbres, situ\u00e9s \u00e0 proximit\u00e9 de b\u00e2timents ou de r\u00e9seaux, repr\u00e9sentent un d\u00e9fi particulier. C\u2019est pourquoi nous utilisons des nacelles \u00e9l\u00e9vatrices qui permettent d\u2019acc\u00e9der facilement aux zones en hauteur tout en assurant la s\u00e9curit\u00e9 de l\u2019op\u00e9rateur, des passants et des biens autour. L\u2019utilisation de la nacelle r\u00e9duit consid\u00e9rablement les risques de chute ou d&rsquo;accident tout en augmentant la pr\u00e9cision et la rapidit\u00e9 des interventions. Cela repr\u00e9sente un r\u00e9el atout, notamment en milieu r\u00e9sidentiel dense ou dans les zones \u00e0 acc\u00e8s restreint, fr\u00e9quentes \u00e0 Carvin ou dans les communes voisines comme Libercourt ou Seclin.<\/p>\n\n\n\n<h2 class=\"wp-block-heading\">Des prestations compl\u00e8tes en \u00e9lagage nacelle \u00e0 Carvin<\/h2>\n\n\n\n<p>Notre \u00e9quipe d\u2019\u00e9lagueurs qualifi\u00e9s \u00e0 Carvin vous propose une gamme compl\u00e8te de prestations, adapt\u00e9es aux besoins de chaque client, qu\u2019il s\u2019agisse d\u2019un particulier, d\u2019une entreprise ou d\u2019une collectivit\u00e9.<\/p>\n\n\n\n<h3 class=\"wp-block-heading\">\u00c9lagage d\u2019arbres en hauteur<\/h3>\n\n\n\n<p>Nous effectuons l\u2019\u00e9lagage de tous types d\u2019arbres, qu\u2019ils soient ornementaux, fruitiers ou forestiers. Gr\u00e2ce \u00e0 la nacelle, nous acc\u00e9dons aux cimes pour une taille respectueuse de la forme naturelle de l\u2019arbre et de son \u00e9quilibre biologique.<\/p>\n\n\n\n<h3 class=\"wp-block-heading\">Taille de haies et arbustes difficiles d\u2019acc\u00e8s<\/h3>\n\n\n\n<p>\u00c0 Carvin et dans les alentours, certaines haies peuvent atteindre des hauteurs importantes ou se situer sur des talus ou terrains en pente. La nacelle nous permet d\u2019intervenir pr\u00e9cis\u00e9ment et proprement, sans d\u00e9t\u00e9riorer votre terrain.<\/p>\n\n\n\n<h3 class=\"wp-block-heading\">Abattage s\u00e9curis\u00e9 d\u2019arbres<\/h3>\n\n\n\n<p>Quand un arbre devient trop dangereux ou malade, un abattage peut s\u2019imposer. Gr\u00e2ce \u00e0 notre nacelle, nous proc\u00e9dons \u00e0 un abattage par d\u00e9montage, en s\u00e9curisant chaque \u00e9tape, surtout dans les environnements urbains comme ceux de Carvin ou Wahagnies.<\/p>\n\n\n\n<h3 class=\"wp-block-heading\">Entretien de la canop\u00e9e<\/h3>\n\n\n\n<p>L\u2019entretien r\u00e9gulier de la canop\u00e9e permet de pr\u00e9server la sant\u00e9 et l\u2019esth\u00e9tique de vos arbres. Nous \u00e9liminons les branches mortes, malades ou enchev\u00eatr\u00e9es afin de favoriser une meilleure croissance et d\u2019\u00e9viter tout danger.<\/p>\n\n\n\n<h3 class=\"wp-block-heading\">D\u00e9montage d\u2019arbres dangereux<\/h3>\n\n\n\n<p>En cas d\u2019urgence (temp\u00eate, affaiblissement du tronc, racines d\u00e9chauss\u00e9es), nous sommes capables d\u2019intervenir rapidement \u00e0 Carvin et ses environs pour d\u00e9monter un arbre mena\u00e7ant, sans endommager les structures avoisinantes.<\/p>\n\n\n\n<h2 class=\"wp-block-heading\">Les avantages de l\u2019\u00e9lagage avec nacelle dans un cadre urbain ou r\u00e9sidentiel<\/h2>\n\n\n\n<p>La nacelle \u00e9l\u00e9vatrice est un atout pr\u00e9cieux pour travailler efficacement en hauteur, surtout dans un contexte urbain comme \u00e0 Carvin. Elle permet non seulement de r\u00e9duire la dur\u00e9e des travaux, mais aussi de limiter les nuisances pour le voisinage. Par ailleurs, elle offre une grande souplesse d\u2019intervention, que ce soit dans une rue \u00e9troite, un jardin enclav\u00e9 ou une propri\u00e9t\u00e9 \u00e0 proximit\u00e9 d\u2019un b\u00e2timent. Ce mode d\u2019intervention est \u00e9galement respectueux de l\u2019environnement puisqu\u2019il \u00e9vite l\u2019utilisation excessive de cordages et de techniques invasives.<\/p>\n\n\n\n<h2 class=\"wp-block-heading\">Une entreprise d\u2019\u00e9lagage exp\u00e9riment\u00e9e au service des habitants de Carvin<\/h2>\n\n\n\n<p>Forts de plusieurs ann\u00e9es d\u2019exp\u00e9rience, nous avons su gagner la confiance des habitants de Carvin et des communes voisines comme :<\/p>\n\n\n\n<ul class=\"wp-block-list\">\n<li>Phalempin<\/li>\n\n\n\n<li>Carvin<\/li>\n\n\n\n<li>Libercourt<\/li>\n\n\n\n<li>Wahagnies<\/li>\n\n\n\n<li>Seclin<\/li>\n\n\n\n<li>Camphin-en-Carembault<\/li>\n<\/ul>\n\n\n\n<p>Chaque intervention est pr\u00e9c\u00e9d\u00e9e d\u2019une \u00e9tude pr\u00e9cise du terrain et de vos besoins. Nous utilisons du mat\u00e9riel professionnel de derni\u00e8re g\u00e9n\u00e9ration pour garantir \u00e0 la fois s\u00e9curit\u00e9, efficacit\u00e9 et respect des arbres. Notre \u00e9quipe est r\u00e9guli\u00e8rement form\u00e9e aux techniques d\u2019\u00e9lagage modernes ainsi qu\u2019aux normes de s\u00e9curit\u00e9 en vigueur.<\/p>\n\n\n\n<h2 class=\"wp-block-heading\">Contactez la SARL Lienart pour vos travaux d\u2019\u00e9lagage \u00e0 Carvin<\/h2>\n\n\n\n<p>Vous souhaitez faire \u00e9laguer un arbre en toute s\u00e9curit\u00e9 \u00e0 Carvin ? Contactez d\u00e8s maintenant la <strong>SARL Lienart<\/strong>. Nous intervenons rapidement pour \u00e9tablir un diagnostic sur site et vous proposer un devis gratuit, sans engagement. Notre \u00e9quipe se tient \u00e0 votre disposition pour vous conseiller et organiser une intervention dans les meilleurs d\u00e9lais.<\/p>\n\n\n\n<p><strong>\ud83d\udcde 03 20 97 71 97<\/strong><br><strong>\ud83d\udce7 <a href=\"https:\/\/paysagiste-lienart.vyseo.eu\/contact-entreprise-paysagiste-phalempin\/\" title=\"Contact entreprise paysagiste Phalempin\">gaetan.lienart@orange.fr<\/a><\/strong><br><strong>\ud83d\udccd 196 rue du G\u00e9n\u00e9ral de Gaulle, 59133 Phalempin<\/strong><\/p>\n\n\n\n<p><\/p>\n","protected":false},"excerpt":{"rendered":"<p>Vous recherchez un \u00e9lagueur nacelle \u00e0 Carvin ? La SARL Lienart assure des travaux d\u2019\u00e9lagage en hauteur, en toute s\u00e9curit\u00e9, \u00e0 Carvin et dans les environs.<\/p>\n","protected":false},"featured_media":0,"menu_order":0,"template":"","format":"standard","meta":{"om_disable_all_campaigns":false,"_monsterinsights_skip_tracking":false,"_monsterinsights_sitenote_active":false,"_monsterinsights_sitenote_note":"","_monsterinsights_sitenote_category":0},"local-articles-category":[],"class_list":["post-634","local-articles","type-local-articles","status-publish","format-standard","hentry"],"aioseo_notices":[],"_links":{"self":[{"href":"https:\/\/www.paysagiste-lienart.fr\/api-json\/wp\/v2\/local-articles\/634","targetHints":{"allow":["GET"]}}],"collection":[{"href":"https:\/\/www.paysagiste-lienart.fr\/api-json\/wp\/v2\/local-articles"}],"about":[{"href":"https:\/\/www.paysagiste-lienart.fr\/api-json\/wp\/v2\/types\/local-articles"}],"version-history":[{"count":0,"href":"https:\/\/www.paysagiste-lienart.fr\/api-json\/wp\/v2\/local-articles\/634\/revisions"}],"wp:attachment":[{"href":"https:\/\/www.paysagiste-lienart.fr\/api-json\/wp\/v2\/media?parent=634"}],"wp:term":[{"taxonomy":"local-articles-category","embeddable":true,"href":"https:\/\/www.paysagiste-lienart.fr\/api-json\/wp\/v2\/local-articles-category?post=634"}],"curies":[{"name":"wp","href":"https:\/\/api.w.org\/{rel}","templated":true}]}}